{"id":410,"date":"2022-09-15T15:31:20","date_gmt":"2022-09-15T15:31:20","guid":{"rendered":"https:\/\/iespecialidades.com\/demo\/?p=410"},"modified":"2023-02-06T18:23:20","modified_gmt":"2023-02-06T18:23:20","slug":"por-que-un-sistema-de-gestion-ambiental","status":"publish","type":"post","link":"https:\/\/iespecialidades.com\/demo\/por-que-un-sistema-de-gestion-ambiental\/","title":{"rendered":"\u00bfPor qu\u00e9 un sistema de gesti\u00f3n ambiental?"},"content":{"rendered":"\t\t<div data-elementor-type=\"wp-post\" data-elementor-id=\"410\" class=\"elementor elementor-410\" data-elementor-post-type=\"post\">\n\t\t\t\t\t\t<section class=\"elementor-section elementor-top-section elementor-element elementor-element-c81284e elementor-section-boxed elementor-section-height-default elementor-section-height-default\" data-id=\"c81284e\" data-element_type=\"section\" data-e-type=\"section\">\n\t\t\t\t\t\t<div class=\"elementor-container elementor-column-gap-default\">\n\t\t\t\t\t<div class=\"elementor-column elementor-col-50 elementor-top-column elementor-element elementor-element-6b5a7ea\" data-id=\"6b5a7ea\" data-element_type=\"column\" data-e-type=\"column\">\n\t\t\t<div class=\"elementor-widget-wrap elementor-element-populated\">\n\t\t\t\t\t\t<div class=\"elementor-element elementor-element-5395f9e elementor-widget elementor-widget-heading\" data-id=\"5395f9e\" data-element_type=\"widget\" data-e-type=\"widget\" data-widget_type=\"heading.default\">\n\t\t\t\t\t<h1 class=\"elementor-heading-title elementor-size-default\">\u00bfPor qu\u00e9 un sistema de gesti\u00f3n ambiental? <\/h1>\t\t\t\t<\/div>\n\t\t\t\t<section class=\"elementor-section elementor-inner-section elementor-element elementor-element-a3c0eb3 elementor-section-content-middle elementor-section-boxed elementor-section-height-default elementor-section-height-default\" data-id=\"a3c0eb3\" data-element_type=\"section\" data-e-type=\"section\">\n\t\t\t\t\t\t<div class=\"elementor-container elementor-column-gap-no\">\n\t\t\t\t\t<div class=\"elementor-column elementor-col-50 elementor-inner-column elementor-element elementor-element-9d2420d\" data-id=\"9d2420d\" data-element_type=\"column\" data-e-type=\"column\">\n\t\t\t<div class=\"elementor-widget-wrap elementor-element-populated\">\n\t\t\t\t\t\t<div class=\"elementor-element elementor-element-554fc4d elementor-widget elementor-widget-image\" data-id=\"554fc4d\" data-element_type=\"widget\" data-e-type=\"widget\" data-widget_type=\"image.default\">\n\t\t\t\t\t\t\t\t\t\t\t\t\t\t\t<img fetchpriority=\"high\" decoding=\"async\" width=\"554\" height=\"525\" src=\"https:\/\/iespecialidades.com\/demo\/wp-content\/uploads\/2022\/09\/KARINA-RUIZ.png\" class=\"attachment-large size-large wp-image-414\" alt=\"\" srcset=\"https:\/\/iespecialidades.com\/demo\/wp-content\/uploads\/2022\/09\/KARINA-RUIZ.png 554w, https:\/\/iespecialidades.com\/demo\/wp-content\/uploads\/2022\/09\/KARINA-RUIZ-300x284.png 300w\" sizes=\"(max-width: 554px) 100vw, 554px\" \/>\t\t\t\t\t\t\t\t\t\t\t\t\t\t\t<\/div>\n\t\t\t\t\t<\/div>\n\t\t<\/div>\n\t\t\t\t<div class=\"elementor-column elementor-col-50 elementor-inner-column elementor-element elementor-element-07a2699\" data-id=\"07a2699\" data-element_type=\"column\" data-e-type=\"column\">\n\t\t\t<div class=\"elementor-widget-wrap elementor-element-populated\">\n\t\t\t\t\t\t<div class=\"elementor-element elementor-element-c7133f2 elementor-widget elementor-widget-text-editor\" data-id=\"c7133f2\" data-element_type=\"widget\" data-e-type=\"widget\" data-widget_type=\"text-editor.default\">\n\t\t\t\t\t\t\t\t\t<p>Karina Ruiz , L\u00edder HSEQ Ingtec Especialidades<\/p>\t\t\t\t\t\t\t\t<\/div>\n\t\t\t\t\t<\/div>\n\t\t<\/div>\n\t\t\t\t\t<\/div>\n\t\t<\/section>\n\t\t\t\t\t<\/div>\n\t\t<\/div>\n\t\t\t\t<div class=\"elementor-column elementor-col-50 elementor-top-column elementor-element elementor-element-a9e5b4d\" data-id=\"a9e5b4d\" data-element_type=\"column\" data-e-type=\"column\">\n\t\t\t<div class=\"elementor-widget-wrap elementor-element-populated\">\n\t\t\t\t\t\t<div class=\"elementor-element elementor-element-f449d93 elementor-widget elementor-widget-image\" data-id=\"f449d93\" data-element_type=\"widget\" data-e-type=\"widget\" data-widget_type=\"image.default\">\n\t\t\t\t\t\t\t\t\t\t\t\t\t\t\t<img decoding=\"async\" width=\"800\" height=\"400\" src=\"https:\/\/iespecialidades.com\/demo\/wp-content\/uploads\/2022\/09\/\u00bfPor-que-un-sistema-de-gestion-ambiental-1-1024x512.png\" class=\"attachment-large size-large wp-image-416\" alt=\"\" srcset=\"https:\/\/iespecialidades.com\/demo\/wp-content\/uploads\/2022\/09\/\u00bfPor-que-un-sistema-de-gestion-ambiental-1-1024x512.png 1024w, https:\/\/iespecialidades.com\/demo\/wp-content\/uploads\/2022\/09\/\u00bfPor-que-un-sistema-de-gestion-ambiental-1-300x150.png 300w, https:\/\/iespecialidades.com\/demo\/wp-content\/uploads\/2022\/09\/\u00bfPor-que-un-sistema-de-gestion-ambiental-1-768x384.png 768w, https:\/\/iespecialidades.com\/demo\/wp-content\/uploads\/2022\/09\/\u00bfPor-que-un-sistema-de-gestion-ambiental-1.png 1200w\" sizes=\"(max-width: 800px) 100vw, 800px\" \/>\t\t\t\t\t\t\t\t\t\t\t\t\t\t\t<\/div>\n\t\t\t\t\t<\/div>\n\t\t<\/div>\n\t\t\t\t\t<\/div>\n\t\t<\/section>\n\t\t\t\t<section class=\"elementor-section elementor-top-section elementor-element elementor-element-90d2dd8 elementor-section-boxed elementor-section-height-default elementor-section-height-default\" data-id=\"90d2dd8\" data-element_type=\"section\" data-e-type=\"section\">\n\t\t\t\t\t\t<div class=\"elementor-container elementor-column-gap-default\">\n\t\t\t\t\t<div class=\"elementor-column elementor-col-100 elementor-top-column elementor-element elementor-element-f7dcc25\" data-id=\"f7dcc25\" data-element_type=\"column\" data-e-type=\"column\">\n\t\t\t<div class=\"elementor-widget-wrap elementor-element-populated\">\n\t\t\t\t\t\t<div class=\"elementor-element elementor-element-c9c36d5 elementor-widget elementor-widget-text-editor\" data-id=\"c9c36d5\" data-element_type=\"widget\" data-e-type=\"widget\" data-widget_type=\"text-editor.default\">\n\t\t\t\t\t\t\t\t\t<p><span style=\"font-weight: 400;\">La importancia de la implementaci\u00f3n de un sistema de gesti\u00f3n ambiental radica en el establecimiento de par\u00e1metros para que las organizaciones se comporten de forma respetuosa con el medio ambiente. Con este art\u00edculo se dar\u00e1 respuesta a las preguntas \u00bfCu\u00e1l es el objetivo de un sistema de gesti\u00f3n ambiental?, \u00bfCu\u00e1les son las fases claves de un sistema de gesti\u00f3n ambiental? Y \u00bfPor qu\u00e9 las empresas necesitan un sistema de gesti\u00f3n ambiental?<\/span><\/p><p><span style=\"font-weight: 400;\">Las empresas poseen sistemas para gestionar las finanzas, el talento humano, la calidad, la seguridad y salud en el trabajo, es equivalente a contar con un sistema de gesti\u00f3n ambiental (SGA) para administrar los problemas ambientales. <\/span><\/p>\t\t\t\t\t\t\t\t<\/div>\n\t\t\t\t<div class=\"elementor-element elementor-element-d28ace0 elementor-widget elementor-widget-heading\" data-id=\"d28ace0\" data-element_type=\"widget\" data-e-type=\"widget\" data-widget_type=\"heading.default\">\n\t\t\t\t\t<h2 class=\"elementor-heading-title elementor-size-default\">\u00bfCu\u00e1l es el prop\u00f3sito de un sistema de gesti\u00f3n ambiental?<\/h2>\t\t\t\t<\/div>\n\t\t\t\t<div class=\"elementor-element elementor-element-b5a24fe elementor-widget elementor-widget-text-editor\" data-id=\"b5a24fe\" data-element_type=\"widget\" data-e-type=\"widget\" data-widget_type=\"text-editor.default\">\n\t\t\t\t\t\t\t\t\t<p><span style=\"font-weight: 400;\">Principalmente el SGA debe reflejar las regulaciones y legislaciones aplicables a la organizaci\u00f3n y el sector espec\u00edfico en el que se encuentra. El prop\u00f3sito del sistema es gestionar los problemas ambientales a trav\u00e9s de pol\u00edticas con objetivos y metas ambientales claras, y planificaci\u00f3n estrat\u00e9gica para asegurar que la compa\u00f1\u00eda se ajuste a la normatividad vigente. Asimismo; identificar las medidas necesarias a tomar, evaluando claramente los diferentes aspectos del impacto ambiental de la empresa.<\/span><\/p>\t\t\t\t\t\t\t\t<\/div>\n\t\t\t\t<div class=\"elementor-element elementor-element-1cf4f78 elementor-widget elementor-widget-heading\" data-id=\"1cf4f78\" data-element_type=\"widget\" data-e-type=\"widget\" data-widget_type=\"heading.default\">\n\t\t\t\t\t<h3 class=\"elementor-heading-title elementor-size-default\">\u00bfCu\u00e1les son las fases claves de un sistema de gesti\u00f3n ambiental?<\/h3>\t\t\t\t<\/div>\n\t\t\t\t<div class=\"elementor-element elementor-element-8e1a22d elementor-widget elementor-widget-text-editor\" data-id=\"8e1a22d\" data-element_type=\"widget\" data-e-type=\"widget\" data-widget_type=\"text-editor.default\">\n\t\t\t\t\t\t\t\t\t<p><span style=\"font-weight: 400;\">La principal es definir una <\/span><b>pol\u00edtica ambiental<\/b><span style=\"font-weight: 400;\"> clara. Dicha pol\u00edtica debe establecer la orientaci\u00f3n de la empresa para administrar los asuntos ambientales, adem\u00e1s proporciona una gu\u00eda de c\u00f3mo se establecen los objetivos y metas ambientales en la organizaci\u00f3n.\u00a0<\/span><\/p><p><span style=\"font-weight: 400;\">Lo siguiente es la <\/span><b>planificaci\u00f3n<\/b><span style=\"font-weight: 400;\"> eficaz, la compa\u00f1\u00eda debe tener claro todos los aspectos de su impacto ambiental, tales como: emisiones atmosf\u00e9ricas, contaminaci\u00f3n a fuentes h\u00eddricas, consumo energ\u00e9tico y efectos secundarios al entorno social. Cuando se planifica es vital tener en cuenta los requisitos legales y las metas establecidas en la pol\u00edtica ambiental.<\/span><\/p><p><span style=\"font-weight: 400;\">La <\/span><b>implementaci\u00f3n y operaci\u00f3n<\/b><span style=\"font-weight: 400;\"> para implementar un sistema de gesti\u00f3n ambiental debe incluir los roles y responsabilidades. En este punto se debe suministrar capacitaci\u00f3n y establecer la relaci\u00f3n comunicaci\u00f3n con documentaci\u00f3n. Crear el procedimiento del plan de emergencias ambientales.\u00a0<\/span><\/p><p><span style=\"font-weight: 400;\">La <\/span><b>verificaci\u00f3n y acci\u00f3n correctiva<\/b><span style=\"font-weight: 400;\">, una compa\u00f1\u00eda debe monitorear y medir el avance o implementaci\u00f3n del sistema e identificar los vac\u00edos existentes para el logro de la pol\u00edtica ambiental. En esta fase se realizan auditor\u00edas al sistema ambiental y con los resultados se toman acciones para abordar el riesgo.\u00a0<\/span><\/p><p><span style=\"font-weight: 400;\">Los altos directivos deben realizar una <\/span><b>gesti\u00f3n y revisi\u00f3n<\/b><span style=\"font-weight: 400;\"> del SGA y tomar medidas si se requieren. Estas medidas pueden estar asociadas a cambios en la pol\u00edtica ambiental, en los objetivos y metas ambientales.\u00a0 Esto es lo que se conoce como la mejora continua en la gesti\u00f3n ambiental.\u00a0<\/span><\/p>\t\t\t\t\t\t\t\t<\/div>\n\t\t\t\t<div class=\"elementor-element elementor-element-f9f3faa elementor-widget elementor-widget-heading\" data-id=\"f9f3faa\" data-element_type=\"widget\" data-e-type=\"widget\" data-widget_type=\"heading.default\">\n\t\t\t\t\t<h4 class=\"elementor-heading-title elementor-size-default\">\u00bfPor qu\u00e9 las empresas necesitan un sistema de gesti\u00f3n ambiental? <\/h4>\t\t\t\t<\/div>\n\t\t\t\t<div class=\"elementor-element elementor-element-a68a345 elementor-widget elementor-widget-text-editor\" data-id=\"a68a345\" data-element_type=\"widget\" data-e-type=\"widget\" data-widget_type=\"text-editor.default\">\n\t\t\t\t\t\t\t\t\t<p><span style=\"font-weight: 400;\">Un SGA eficaz ayuda a las compa\u00f1\u00edas a reducir su impacto ambiental, tambi\u00e9n mejora la salud y seguridad de empleados y comunidad. Garantiza el cumplimiento de la normatividad ambiental. Aporta eficiencia en el consumo energ\u00e9tico y gesti\u00f3n de residuos. Contribuye a la productividad lo que reduce costos. Sensibiliza a los colaboradores frente al impacto de los humanos al ambiente, creando conciencia ambiental. Por \u00faltimo contribuye a una imagen de marca positiva.<\/span><\/p>\t\t\t\t\t\t\t\t<\/div>\n\t\t\t\t\t<\/div>\n\t\t<\/div>\n\t\t\t\t\t<\/div>\n\t\t<\/section>\n\t\t\t\t<\/div>\n\t\t","protected":false},"excerpt":{"rendered":"<p>La importancia de la implementaci\u00f3n de un sistema de gesti\u00f3n ambiental radica en el establecimiento de par\u00e1metros para que las organizaciones se comporten de forma respetuosa con el medio ambiente.<\/p>\n","protected":false},"author":1,"featured_media":416,"comment_status":"open","ping_status":"open","sticky":false,"template":"elementor_header_footer","format":"standard","meta":{"footnotes":""},"categories":[44],"tags":[24,25,38,39,36],"class_list":["post-410","post","type-post","status-publish","format-standard","has-post-thumbnail","hentry","category-procesos","tag-colombia","tag-ingtec","tag-ingtec-especialidades","tag-qhse","tag-sistema-de-gestion"],"_links":{"self":[{"href":"https:\/\/iespecialidades.com\/demo\/wp-json\/wp\/v2\/posts\/410","targetHints":{"allow":["GET"]}}],"collection":[{"href":"https:\/\/iespecialidades.com\/demo\/wp-json\/wp\/v2\/posts"}],"about":[{"href":"https:\/\/iespecialidades.com\/demo\/wp-json\/wp\/v2\/types\/post"}],"author":[{"embeddable":true,"href":"https:\/\/iespecialidades.com\/demo\/wp-json\/wp\/v2\/users\/1"}],"replies":[{"embeddable":true,"href":"https:\/\/iespecialidades.com\/demo\/wp-json\/wp\/v2\/comments?post=410"}],"version-history":[{"count":5,"href":"https:\/\/iespecialidades.com\/demo\/wp-json\/wp\/v2\/posts\/410\/revisions"}],"predecessor-version":[{"id":1029,"href":"https:\/\/iespecialidades.com\/demo\/wp-json\/wp\/v2\/posts\/410\/revisions\/1029"}],"wp:featuredmedia":[{"embeddable":true,"href":"https:\/\/iespecialidades.com\/demo\/wp-json\/wp\/v2\/media\/416"}],"wp:attachment":[{"href":"https:\/\/iespecialidades.com\/demo\/wp-json\/wp\/v2\/media?parent=410"}],"wp:term":[{"taxonomy":"category","embeddable":true,"href":"https:\/\/iespecialidades.com\/demo\/wp-json\/wp\/v2\/categories?post=410"},{"taxonomy":"post_tag","embeddable":true,"href":"https:\/\/iespecialidades.com\/demo\/wp-json\/wp\/v2\/tags?post=410"}],"curies":[{"name":"wp","href":"https:\/\/api.w.org\/{rel}","templated":true}]}}